{"id":7825,"date":"2026-04-24T09:19:59","date_gmt":"2026-04-24T09:19:59","guid":{"rendered":"https:\/\/porvoonkodit.fi\/?p=7825"},"modified":"2026-04-28T07:47:08","modified_gmt":"2026-04-28T07:47:08","slug":"varhalsning-fran-invanarforeningen","status":"publish","type":"post","link":"https:\/\/porvoonkodit.fi\/sv\/varhalsning-fran-invanarforeningen\/","title":{"rendered":"V\u00e5rh\u00e4lsning fr\u00e5n inv\u00e5narf\u00f6reningen!"},"content":{"rendered":"\n<p>A-Inv\u00e5narf\u00f6reningen rf. grundades f\u00f6r 20 \u00e5r sedan p\u00e5 initiativ av en boende i A-Bolagen. Alla boende i Borg\u00e5 Hem \u00e4r automatiskt medlemmar i boendef\u00f6reningen och kan delta i dess verksamhet.<\/p>\n\n\n\n<p>N\u00e4r A-Bolagen bytte namn till Borg\u00e5 Hem kommer \u00e4ven A-Inv\u00e5narf\u00f6reningen att byta namn till Borg\u00e5 Hem invanarf\u00f6rening ry. Nya Facebook-sidor \u00f6ppnas under det nya namnet s\u00e5 snart de nya stadgarna \u00e4r klara och namnet \u00e4r registrerat.<\/p>\n\n\n\n<p>K\u00e4rnan i boendef\u00f6reningens verksamhet \u00e4r att ordna olika gemenskapsfr\u00e4mjande aktiviteter f\u00f6r de boende. Vi ordnar \u00e5rligen olika utflykter och evenemang. Till exempel har vi under julen gjort dagsutflykter till julmarknader med gemensam transport. \u00c5r 2025 firades A-Bolagens 60-\u00e5rsjubileum och A-Inv\u00e5narf\u00f6reningen 20-\u00e5rsjubileum. Till \u00e4ra av detta ordnade vi tillsammans med A-Bolagen en boendefest, d\u00e4r Borg\u00e5 Hems namn och nya profil presenterades. Festen arrangerade i Borg\u00e5 Hems servicehall i \u00d6stermalm.<\/p>\n\n\n\n<p>F\u00f6rra \u00e5ret ingick ocks\u00e5 en utflykt till Em\u00e4sal\u00f6 f\u00f6r korvgrillning i programmet. En hel busslast med boende hade anm\u00e4lt sig! Bussen var fullsatt, 52 personer, och utflykten var lyckad med god st\u00e4mning och trevligt samskapande. Dessutom bes\u00f6kte vi en djurg\u00e5rd i n\u00e4romr\u00e5det d\u00e4r vi grillade korv och stekte pl\u00e4ttar  samt bekantade oss med djuren. I december ordnades julmiddag f\u00f6r de boende i Kokonhallen. Cirka 80 personer deltog och st\u00e4mningen var glad och julig \u2013 till och med jultomten kom p\u00e5 bes\u00f6k.<\/p>\n\n\n\n<p>Syftet \u00e4r allts\u00e5 att l\u00e4ra k\u00e4nna boende i Borg\u00e5 Hem fr\u00e5n olika delar av staden och skapa samh\u00f6righet. Borg\u00e5 Hem st\u00f6der f\u00f6reningen \u00e5rligen, vilket m\u00f6jligg\u00f6r ordnandet av olika utflykter och evenemang.<\/p>\n\n\n\n<p>Boende och styrelsen i A-Inv\u00e5narf\u00f6reningen kan framf\u00f6ra \u00f6nskem\u00e5l p\u00e5 m\u00f6ten eller via e-post om vilka utflykter och aktiviteter de skulle vilja att f\u00f6reningen arrangerar.<\/p>\n\n\n\n<p>Vi hoppas p\u00e5 nya, entusiastiska deltagare till m\u00f6ten, planering och arrangemang av evenemang. Alla har olika styrkor och kunnande, s\u00e5 det \u00e4r viktigt att f\u00e5 med olika m\u00e4nniskor. Det har varit trevligt att pyssla och planera tillsammans. Man kan ta kontakt l\u00e5g tr\u00f6skel via e-post eller bara rycka n\u00e5gon i \u00e4rmen n\u00e4r vi ses. Varmt v\u00e4lkommen med i verksamheten!<\/p>\n\n\n\n<p><em>V\u00e5rh\u00e4lsningar, Tea Ik\u00e4l\u00e4inen<\/em><\/p>\n\n\n\n<p>Ordf\u00f6rande f\u00f6r A-Inv\u00e5narf\u00f6reningen <br><a href=\"mailto:a.asukasyhdistys@gmail.com\">a.asukasyhdistys@gmail.com<\/a><\/p>\n","protected":false},"excerpt":{"rendered":"<p>A-Inv\u00e5narf\u00f6reningen rf. grundades f\u00f6r 20 \u00e5r sedan p\u00e5 initiativ av en boende i A-Bolagen. Alla boende i Borg\u00e5 Hem \u00e4r automatiskt medlemmar i boendef\u00f6reningen och kan delta i dess verksamhet. N\u00e4r A-Bolagen bytte namn till Borg\u00e5 Hem kommer \u00e4ven A-Inv\u00e5narf\u00f6reningen att byta namn till Borg\u00e5 Hem invanarf\u00f6rening ry. Nya Facebook-sidor \u00f6ppnas under det nya namnet &#8230; <a title=\"V\u00e5rh\u00e4lsning fr\u00e5n inv\u00e5narf\u00f6reningen!\" class=\"read-more\" href=\"https:\/\/porvoonkodit.fi\/sv\/varhalsning-fran-invanarforeningen\/\" aria-label=\"L\u00e4s mer om V\u00e5rh\u00e4lsning fr\u00e5n inv\u00e5narf\u00f6reningen!\">Read more<\/a><\/p>\n","protected":false},"author":5,"featured_media":7836,"comment_status":"closed","ping_status":"closed","sticky":false,"template":"","format":"standard","meta":{"_acf_changed":false,"footnotes":""},"categories":[15],"tags":[],"class_list":["post-7825","post","type-post","status-publish","format-standard","has-post-thumbnail","hentry","category-blogg"],"acf":[],"gutentor_comment":0,"yoast_head":"<!-- This site is optimized with the Yoast SEO plugin v27.5 - https:\/\/yoast.com\/product\/yoast-seo-wordpress\/ -->\n<title>V\u00e5rh\u00e4lsning fr\u00e5n inv\u00e5narf\u00f6reningen! - Porvoon Kodit<\/title>\n<meta name=\"robots\" content=\"index, follow, max-snippet:-1, max-image-preview:large, max-video-preview:-1\" \/>\n<link rel=\"canonical\" href=\"https:\/\/porvoonkodit.fi\/sv\/varhalsning-fran-invanarforeningen\/\" \/>\n<meta property=\"og:locale\" content=\"sv_SE\" \/>\n<meta property=\"og:type\" content=\"article\" \/>\n<meta property=\"og:title\" content=\"V\u00e5rh\u00e4lsning fr\u00e5n inv\u00e5narf\u00f6reningen! - Porvoon Kodit\" \/>\n<meta property=\"og:description\" content=\"A-Inv\u00e5narf\u00f6reningen rf. grundades f\u00f6r 20 \u00e5r sedan p\u00e5 initiativ av en boende i A-Bolagen. Alla boende i Borg\u00e5 Hem \u00e4r automatiskt medlemmar i boendef\u00f6reningen och kan delta i dess verksamhet. N\u00e4r A-Bolagen bytte namn till Borg\u00e5 Hem kommer \u00e4ven A-Inv\u00e5narf\u00f6reningen att byta namn till Borg\u00e5 Hem invanarf\u00f6rening ry. Nya Facebook-sidor \u00f6ppnas under det nya namnet ... Read more\" \/>\n<meta property=\"og:url\" content=\"https:\/\/porvoonkodit.fi\/sv\/varhalsning-fran-invanarforeningen\/\" \/>\n<meta property=\"og:site_name\" content=\"Porvoon Kodit\" \/>\n<meta property=\"article:publisher\" content=\"https:\/\/www.facebook.com\/AyhtiotAbolagen\/\" \/>\n<meta property=\"article:published_time\" content=\"2026-04-24T09:19:59+00:00\" \/>\n<meta property=\"article:modified_time\" content=\"2026-04-28T07:47:08+00:00\" \/>\n<meta property=\"og:image\" content=\"https:\/\/porvoonkodit.fi\/wp-content\/uploads\/2026\/04\/20250906-5M6A0750-1.jpg\" \/>\n\t<meta property=\"og:image:width\" content=\"2560\" \/>\n\t<meta property=\"og:image:height\" content=\"2560\" \/>\n\t<meta property=\"og:image:type\" content=\"image\/jpeg\" \/>\n<meta name=\"author\" content=\"Olli Jokela\" \/>\n<meta name=\"twitter:card\" content=\"summary_large_image\" \/>\n<meta name=\"twitter:label1\" content=\"Skriven av\" \/>\n\t<meta name=\"twitter:data1\" content=\"Olli Jokela\" \/>\n\t<meta name=\"twitter:label2\" content=\"Ber\u00e4knad l\u00e4stid\" \/>\n\t<meta name=\"twitter:data2\" content=\"3 minuter\" \/>\n<script type=\"application\/ld+json\" class=\"yoast-schema-graph\">{\"@context\":\"https:\\\/\\\/schema.org\",\"@graph\":[{\"@type\":\"Article\",\"@id\":\"https:\\\/\\\/porvoonkodit.fi\\\/sv\\\/varhalsning-fran-invanarforeningen\\\/#article\",\"isPartOf\":{\"@id\":\"https:\\\/\\\/porvoonkodit.fi\\\/sv\\\/varhalsning-fran-invanarforeningen\\\/\"},\"author\":{\"name\":\"Olli Jokela\",\"@id\":\"https:\\\/\\\/porvoonkodit.fi\\\/#\\\/schema\\\/person\\\/2086866d9c8efb0ea7c74187f9db3010\"},\"headline\":\"V\u00e5rh\u00e4lsning fr\u00e5n inv\u00e5narf\u00f6reningen!\",\"datePublished\":\"2026-04-24T09:19:59+00:00\",\"dateModified\":\"2026-04-28T07:47:08+00:00\",\"mainEntityOfPage\":{\"@id\":\"https:\\\/\\\/porvoonkodit.fi\\\/sv\\\/varhalsning-fran-invanarforeningen\\\/\"},\"wordCount\":402,\"publisher\":{\"@id\":\"https:\\\/\\\/porvoonkodit.fi\\\/#organization\"},\"image\":{\"@id\":\"https:\\\/\\\/porvoonkodit.fi\\\/sv\\\/varhalsning-fran-invanarforeningen\\\/#primaryimage\"},\"thumbnailUrl\":\"https:\\\/\\\/porvoonkodit.fi\\\/wp-content\\\/uploads\\\/2026\\\/04\\\/20250906-5M6A0750-1.jpg\",\"articleSection\":[\"Blogg\"],\"inLanguage\":\"sv-SE\"},{\"@type\":\"WebPage\",\"@id\":\"https:\\\/\\\/porvoonkodit.fi\\\/sv\\\/varhalsning-fran-invanarforeningen\\\/\",\"url\":\"https:\\\/\\\/porvoonkodit.fi\\\/sv\\\/varhalsning-fran-invanarforeningen\\\/\",\"name\":\"V\u00e5rh\u00e4lsning fr\u00e5n inv\u00e5narf\u00f6reningen! - Porvoon Kodit\",\"isPartOf\":{\"@id\":\"https:\\\/\\\/porvoonkodit.fi\\\/#website\"},\"primaryImageOfPage\":{\"@id\":\"https:\\\/\\\/porvoonkodit.fi\\\/sv\\\/varhalsning-fran-invanarforeningen\\\/#primaryimage\"},\"image\":{\"@id\":\"https:\\\/\\\/porvoonkodit.fi\\\/sv\\\/varhalsning-fran-invanarforeningen\\\/#primaryimage\"},\"thumbnailUrl\":\"https:\\\/\\\/porvoonkodit.fi\\\/wp-content\\\/uploads\\\/2026\\\/04\\\/20250906-5M6A0750-1.jpg\",\"datePublished\":\"2026-04-24T09:19:59+00:00\",\"dateModified\":\"2026-04-28T07:47:08+00:00\",\"breadcrumb\":{\"@id\":\"https:\\\/\\\/porvoonkodit.fi\\\/sv\\\/varhalsning-fran-invanarforeningen\\\/#breadcrumb\"},\"inLanguage\":\"sv-SE\",\"potentialAction\":[{\"@type\":\"ReadAction\",\"target\":[\"https:\\\/\\\/porvoonkodit.fi\\\/sv\\\/varhalsning-fran-invanarforeningen\\\/\"]}]},{\"@type\":\"ImageObject\",\"inLanguage\":\"sv-SE\",\"@id\":\"https:\\\/\\\/porvoonkodit.fi\\\/sv\\\/varhalsning-fran-invanarforeningen\\\/#primaryimage\",\"url\":\"https:\\\/\\\/porvoonkodit.fi\\\/wp-content\\\/uploads\\\/2026\\\/04\\\/20250906-5M6A0750-1.jpg\",\"contentUrl\":\"https:\\\/\\\/porvoonkodit.fi\\\/wp-content\\\/uploads\\\/2026\\\/04\\\/20250906-5M6A0750-1.jpg\",\"width\":2560,\"height\":2560},{\"@type\":\"BreadcrumbList\",\"@id\":\"https:\\\/\\\/porvoonkodit.fi\\\/sv\\\/varhalsning-fran-invanarforeningen\\\/#breadcrumb\",\"itemListElement\":[{\"@type\":\"ListItem\",\"position\":1,\"name\":\"Etusivu\",\"item\":\"https:\\\/\\\/porvoonkodit.fi\\\/sv\\\/\"},{\"@type\":\"ListItem\",\"position\":2,\"name\":\"V\u00e5rh\u00e4lsning fr\u00e5n inv\u00e5narf\u00f6reningen!\"}]},{\"@type\":\"WebSite\",\"@id\":\"https:\\\/\\\/porvoonkodit.fi\\\/#website\",\"url\":\"https:\\\/\\\/porvoonkodit.fi\\\/\",\"name\":\"Porvoon kodit Oy\",\"description\":\"Tervetuloa kotiin\",\"publisher\":{\"@id\":\"https:\\\/\\\/porvoonkodit.fi\\\/#organization\"},\"potentialAction\":[{\"@type\":\"SearchAction\",\"target\":{\"@type\":\"EntryPoint\",\"urlTemplate\":\"https:\\\/\\\/porvoonkodit.fi\\\/?s={search_term_string}\"},\"query-input\":{\"@type\":\"PropertyValueSpecification\",\"valueRequired\":true,\"valueName\":\"search_term_string\"}}],\"inLanguage\":\"sv-SE\"},{\"@type\":\"Organization\",\"@id\":\"https:\\\/\\\/porvoonkodit.fi\\\/#organization\",\"name\":\"Porvoon kodit Oy\",\"url\":\"https:\\\/\\\/porvoonkodit.fi\\\/\",\"logo\":{\"@type\":\"ImageObject\",\"inLanguage\":\"sv-SE\",\"@id\":\"https:\\\/\\\/porvoonkodit.fi\\\/#\\\/schema\\\/logo\\\/image\\\/\",\"url\":\"https:\\\/\\\/porvoonkodit.fi\\\/wp-content\\\/uploads\\\/2025\\\/07\\\/Logo-tummempi-oranssi.png\",\"contentUrl\":\"https:\\\/\\\/porvoonkodit.fi\\\/wp-content\\\/uploads\\\/2025\\\/07\\\/Logo-tummempi-oranssi.png\",\"width\":480,\"height\":150,\"caption\":\"Porvoon kodit Oy\"},\"image\":{\"@id\":\"https:\\\/\\\/porvoonkodit.fi\\\/#\\\/schema\\\/logo\\\/image\\\/\"},\"sameAs\":[\"https:\\\/\\\/www.facebook.com\\\/AyhtiotAbolagen\\\/\"]},{\"@type\":\"Person\",\"@id\":\"https:\\\/\\\/porvoonkodit.fi\\\/#\\\/schema\\\/person\\\/2086866d9c8efb0ea7c74187f9db3010\",\"name\":\"Olli Jokela\",\"url\":\"https:\\\/\\\/porvoonkodit.fi\\\/sv\\\/author\\\/ollli_jokel_admin\\\/\"}]}<\/script>\n<!-- \/ Yoast SEO plugin. -->","yoast_head_json":{"title":"V\u00e5rh\u00e4lsning fr\u00e5n inv\u00e5narf\u00f6reningen! - Porvoon Kodit","robots":{"index":"index","follow":"follow","max-snippet":"max-snippet:-1","max-image-preview":"max-image-preview:large","max-video-preview":"max-video-preview:-1"},"canonical":"https:\/\/porvoonkodit.fi\/sv\/varhalsning-fran-invanarforeningen\/","og_locale":"sv_SE","og_type":"article","og_title":"V\u00e5rh\u00e4lsning fr\u00e5n inv\u00e5narf\u00f6reningen! - Porvoon Kodit","og_description":"A-Inv\u00e5narf\u00f6reningen rf. grundades f\u00f6r 20 \u00e5r sedan p\u00e5 initiativ av en boende i A-Bolagen. Alla boende i Borg\u00e5 Hem \u00e4r automatiskt medlemmar i boendef\u00f6reningen och kan delta i dess verksamhet. N\u00e4r A-Bolagen bytte namn till Borg\u00e5 Hem kommer \u00e4ven A-Inv\u00e5narf\u00f6reningen att byta namn till Borg\u00e5 Hem invanarf\u00f6rening ry. Nya Facebook-sidor \u00f6ppnas under det nya namnet ... Read more","og_url":"https:\/\/porvoonkodit.fi\/sv\/varhalsning-fran-invanarforeningen\/","og_site_name":"Porvoon Kodit","article_publisher":"https:\/\/www.facebook.com\/AyhtiotAbolagen\/","article_published_time":"2026-04-24T09:19:59+00:00","article_modified_time":"2026-04-28T07:47:08+00:00","og_image":[{"width":2560,"height":2560,"url":"https:\/\/porvoonkodit.fi\/wp-content\/uploads\/2026\/04\/20250906-5M6A0750-1.jpg","type":"image\/jpeg"}],"author":"Olli Jokela","twitter_card":"summary_large_image","twitter_misc":{"Skriven av":"Olli Jokela","Ber\u00e4knad l\u00e4stid":"3 minuter"},"schema":{"@context":"https:\/\/schema.org","@graph":[{"@type":"Article","@id":"https:\/\/porvoonkodit.fi\/sv\/varhalsning-fran-invanarforeningen\/#article","isPartOf":{"@id":"https:\/\/porvoonkodit.fi\/sv\/varhalsning-fran-invanarforeningen\/"},"author":{"name":"Olli Jokela","@id":"https:\/\/porvoonkodit.fi\/#\/schema\/person\/2086866d9c8efb0ea7c74187f9db3010"},"headline":"V\u00e5rh\u00e4lsning fr\u00e5n inv\u00e5narf\u00f6reningen!","datePublished":"2026-04-24T09:19:59+00:00","dateModified":"2026-04-28T07:47:08+00:00","mainEntityOfPage":{"@id":"https:\/\/porvoonkodit.fi\/sv\/varhalsning-fran-invanarforeningen\/"},"wordCount":402,"publisher":{"@id":"https:\/\/porvoonkodit.fi\/#organization"},"image":{"@id":"https:\/\/porvoonkodit.fi\/sv\/varhalsning-fran-invanarforeningen\/#primaryimage"},"thumbnailUrl":"https:\/\/porvoonkodit.fi\/wp-content\/uploads\/2026\/04\/20250906-5M6A0750-1.jpg","articleSection":["Blogg"],"inLanguage":"sv-SE"},{"@type":"WebPage","@id":"https:\/\/porvoonkodit.fi\/sv\/varhalsning-fran-invanarforeningen\/","url":"https:\/\/porvoonkodit.fi\/sv\/varhalsning-fran-invanarforeningen\/","name":"V\u00e5rh\u00e4lsning fr\u00e5n inv\u00e5narf\u00f6reningen! - Porvoon Kodit","isPartOf":{"@id":"https:\/\/porvoonkodit.fi\/#website"},"primaryImageOfPage":{"@id":"https:\/\/porvoonkodit.fi\/sv\/varhalsning-fran-invanarforeningen\/#primaryimage"},"image":{"@id":"https:\/\/porvoonkodit.fi\/sv\/varhalsning-fran-invanarforeningen\/#primaryimage"},"thumbnailUrl":"https:\/\/porvoonkodit.fi\/wp-content\/uploads\/2026\/04\/20250906-5M6A0750-1.jpg","datePublished":"2026-04-24T09:19:59+00:00","dateModified":"2026-04-28T07:47:08+00:00","breadcrumb":{"@id":"https:\/\/porvoonkodit.fi\/sv\/varhalsning-fran-invanarforeningen\/#breadcrumb"},"inLanguage":"sv-SE","potentialAction":[{"@type":"ReadAction","target":["https:\/\/porvoonkodit.fi\/sv\/varhalsning-fran-invanarforeningen\/"]}]},{"@type":"ImageObject","inLanguage":"sv-SE","@id":"https:\/\/porvoonkodit.fi\/sv\/varhalsning-fran-invanarforeningen\/#primaryimage","url":"https:\/\/porvoonkodit.fi\/wp-content\/uploads\/2026\/04\/20250906-5M6A0750-1.jpg","contentUrl":"https:\/\/porvoonkodit.fi\/wp-content\/uploads\/2026\/04\/20250906-5M6A0750-1.jpg","width":2560,"height":2560},{"@type":"BreadcrumbList","@id":"https:\/\/porvoonkodit.fi\/sv\/varhalsning-fran-invanarforeningen\/#breadcrumb","itemListElement":[{"@type":"ListItem","position":1,"name":"Etusivu","item":"https:\/\/porvoonkodit.fi\/sv\/"},{"@type":"ListItem","position":2,"name":"V\u00e5rh\u00e4lsning fr\u00e5n inv\u00e5narf\u00f6reningen!"}]},{"@type":"WebSite","@id":"https:\/\/porvoonkodit.fi\/#website","url":"https:\/\/porvoonkodit.fi\/","name":"Porvoon kodit Oy","description":"Tervetuloa kotiin","publisher":{"@id":"https:\/\/porvoonkodit.fi\/#organization"},"potentialAction":[{"@type":"SearchAction","target":{"@type":"EntryPoint","urlTemplate":"https:\/\/porvoonkodit.fi\/?s={search_term_string}"},"query-input":{"@type":"PropertyValueSpecification","valueRequired":true,"valueName":"search_term_string"}}],"inLanguage":"sv-SE"},{"@type":"Organization","@id":"https:\/\/porvoonkodit.fi\/#organization","name":"Porvoon kodit Oy","url":"https:\/\/porvoonkodit.fi\/","logo":{"@type":"ImageObject","inLanguage":"sv-SE","@id":"https:\/\/porvoonkodit.fi\/#\/schema\/logo\/image\/","url":"https:\/\/porvoonkodit.fi\/wp-content\/uploads\/2025\/07\/Logo-tummempi-oranssi.png","contentUrl":"https:\/\/porvoonkodit.fi\/wp-content\/uploads\/2025\/07\/Logo-tummempi-oranssi.png","width":480,"height":150,"caption":"Porvoon kodit Oy"},"image":{"@id":"https:\/\/porvoonkodit.fi\/#\/schema\/logo\/image\/"},"sameAs":["https:\/\/www.facebook.com\/AyhtiotAbolagen\/"]},{"@type":"Person","@id":"https:\/\/porvoonkodit.fi\/#\/schema\/person\/2086866d9c8efb0ea7c74187f9db3010","name":"Olli Jokela","url":"https:\/\/porvoonkodit.fi\/sv\/author\/ollli_jokel_admin\/"}]}},"_links":{"self":[{"href":"https:\/\/porvoonkodit.fi\/sv\/wp-json\/wp\/v2\/posts\/7825","targetHints":{"allow":["GET"]}}],"collection":[{"href":"https:\/\/porvoonkodit.fi\/sv\/wp-json\/wp\/v2\/posts"}],"about":[{"href":"https:\/\/porvoonkodit.fi\/sv\/wp-json\/wp\/v2\/types\/post"}],"author":[{"embeddable":true,"href":"https:\/\/porvoonkodit.fi\/sv\/wp-json\/wp\/v2\/users\/5"}],"replies":[{"embeddable":true,"href":"https:\/\/porvoonkodit.fi\/sv\/wp-json\/wp\/v2\/comments?post=7825"}],"version-history":[{"count":3,"href":"https:\/\/porvoonkodit.fi\/sv\/wp-json\/wp\/v2\/posts\/7825\/revisions"}],"predecessor-version":[{"id":7887,"href":"https:\/\/porvoonkodit.fi\/sv\/wp-json\/wp\/v2\/posts\/7825\/revisions\/7887"}],"wp:featuredmedia":[{"embeddable":true,"href":"https:\/\/porvoonkodit.fi\/sv\/wp-json\/wp\/v2\/media\/7836"}],"wp:attachment":[{"href":"https:\/\/porvoonkodit.fi\/sv\/wp-json\/wp\/v2\/media?parent=7825"}],"wp:term":[{"taxonomy":"category","embeddable":true,"href":"https:\/\/porvoonkodit.fi\/sv\/wp-json\/wp\/v2\/categories?post=7825"},{"taxonomy":"post_tag","embeddable":true,"href":"https:\/\/porvoonkodit.fi\/sv\/wp-json\/wp\/v2\/tags?post=7825"}],"curies":[{"name":"wp","href":"https:\/\/api.w.org\/{rel}","templated":true}]}}